{"id":120,"date":"2019-04-17T13:49:45","date_gmt":"2019-04-17T11:49:45","guid":{"rendered":"https:\/\/daracokorilo.com\/index.php\/2019\/04\/17\/drugi-koncert-zvuci-proljeca\/"},"modified":"2021-12-24T09:52:15","modified_gmt":"2021-12-24T08:52:15","slug":"drugi-koncert-zvuci-proljeca","status":"publish","type":"post","link":"https:\/\/daracokorilo.com\/index.php\/2019\/04\/17\/drugi-koncert-zvuci-proljeca\/","title":{"rendered":"Drugi koncert ,,Zvuci prolje\u0107a&#8220;"},"content":{"rendered":"<p><span style=\"color: #000000;\"><a style=\"color: #000000;\" href=\"administrator\/index.php?option=com_content&amp;view=articles\">Drugi koncert ,,Zvuci prolje\u0107a\u201c u\u010denika \u0160kole za osnovno i srednje muzi\u010dko obrazovanje ,,Dara \u010cokorilo\u201c bi\u0107e odr\u017ean u \u010detvrtak 18. aprila u Koncertnoj sali \u0161kole sa po\u010detkom u 19 \u010dasova.<\/a><\/span><\/p>\n<p><span style=\"color: #000000;\"><a style=\"color: #000000;\" href=\"administrator\/index.php?option=com_content&amp;view=articles\">U\u010denici \u0107e izvesti program koji su pripremili sa svojim profesorima klavira, trube, gitare, flaute, harmonike, solo pjevanja, zatim program guda\u010dkog i program mje\u0161ovitog orkestra.<\/a><\/span><\/p>\n<p><span style=\"color: #000000;\"><a style=\"color: #000000;\" href=\"administrator\/index.php?option=com_content&amp;view=articles\">Svjedoci smo uticaja koji muzika&nbsp; ima u njegovanju duhovnog i u oblikovanju estetskog do\u017eivljaja stvarnosti. To nas obavezuje da radimo na svom muzi\u010dkom usavr\u0161avanju kako bismo&nbsp; predstavili muziku onako kako ona to i zavre\u0111uje, jer, kako je rekao Ludvig van Betoven,&nbsp; <em>nema ni\u010deg ljep\u0161eg nego pribli\u017eiti se bo\u017eanstvu i na ljudsku rasu rasuti zrake.<\/em><\/a><\/span><\/p>\n<p><span style=\"color: #000000;\"><a style=\"color: #000000;\" href=\"administrator\/index.php?option=com_content&amp;view=articles\">Bogat program za koncert bi\u0107e ujedno priprema za XLVI Muzi\u010dki festival mladih Crne Gore, gdje \u0107e na\u0161i u\u010denici pokazati svoje muzi\u010dke sposobnosti pred stru\u010dnim \u017eirijem na dr\u017eavnom takmi\u010denju, a potom na me\u0111unarodnim takmi\u010denjim<\/a>a.<\/span><\/p>\n<p>&nbsp;<\/p>\n","protected":false},"excerpt":{"rendered":"<p>Drugi koncert ,,Zvuci prolje\u0107a\u201c u\u010denika \u0160kole za osnovno i srednje muzi\u010dko obrazovanje ,,Dara \u010cokorilo\u201c bi\u0107e odr\u017ean u \u010detvrtak 18. aprila u Koncertnoj sali \u0161kole sa po\u010detkom u 19 \u010dasova. U\u010denici \u0107e izvesti program koji su pripremili sa svojim profesorima klavira, trube, gitare, flaute, harmonike, solo pjevanja, zatim program guda\u010dkog i program mje\u0161ovitog orkestra. Svjedoci smo [&hellip;]<\/p>\n","protected":false},"author":1,"featured_media":0,"comment_status":"open","ping_status":"open","sticky":false,"template":"","format":"standard","meta":{"pagelayer_contact_templates":[],"_pagelayer_content":"","footnotes":""},"categories":[26,5],"tags":[],"class_list":["post-120","post","type-post","status-publish","format-standard","hentry","category-aktivnosti","category-koncerti"],"_links":{"self":[{"href":"https:\/\/daracokorilo.com\/index.php\/wp-json\/wp\/v2\/posts\/120","targetHints":{"allow":["GET"]}}],"collection":[{"href":"https:\/\/daracokorilo.com\/index.php\/wp-json\/wp\/v2\/posts"}],"about":[{"href":"https:\/\/daracokorilo.com\/index.php\/wp-json\/wp\/v2\/types\/post"}],"author":[{"embeddable":true,"href":"https:\/\/daracokorilo.com\/index.php\/wp-json\/wp\/v2\/users\/1"}],"replies":[{"embeddable":true,"href":"https:\/\/daracokorilo.com\/index.php\/wp-json\/wp\/v2\/comments?post=120"}],"version-history":[{"count":1,"href":"https:\/\/daracokorilo.com\/index.php\/wp-json\/wp\/v2\/posts\/120\/revisions"}],"predecessor-version":[{"id":437,"href":"https:\/\/daracokorilo.com\/index.php\/wp-json\/wp\/v2\/posts\/120\/revisions\/437"}],"wp:attachment":[{"href":"https:\/\/daracokorilo.com\/index.php\/wp-json\/wp\/v2\/media?parent=120"}],"wp:term":[{"taxonomy":"category","embeddable":true,"href":"https:\/\/daracokorilo.com\/index.php\/wp-json\/wp\/v2\/categories?post=120"},{"taxonomy":"post_tag","embeddable":true,"href":"https:\/\/daracokorilo.com\/index.php\/wp-json\/wp\/v2\/tags?post=120"}],"curies":[{"name":"wp","href":"https:\/\/api.w.org\/{rel}","templated":true}]}}