{"id":124,"date":"2019-04-16T11:08:14","date_gmt":"2019-04-16T09:08:14","guid":{"rendered":"https:\/\/daracokorilo.com\/index.php\/2019\/04\/16\/odrzana-radionica-uticaj-medija-i-vrsnjaka-na-koriscenje-psihoaktivnih-supstanci\/"},"modified":"2021-12-24T09:52:43","modified_gmt":"2021-12-24T08:52:43","slug":"odrzana-radionica-uticaj-medija-i-vrsnjaka-na-koriscenje-psihoaktivnih-supstanci","status":"publish","type":"post","link":"https:\/\/daracokorilo.com\/index.php\/2019\/04\/16\/odrzana-radionica-uticaj-medija-i-vrsnjaka-na-koriscenje-psihoaktivnih-supstanci\/","title":{"rendered":"Odr\u017eana radionica Uticaj medija i vr\u0161njaka na kori\u0161\u0107enje psihoaktivnih supstanci"},"content":{"rendered":"<p>U okviru redovnih godi\u0161njih aktivnosti psiholo\u0161kinje u Muzi\u010dkoj \u0161koli ,,Dara \u010cokorilo\u201d Ranke Bo\u017eovi\u0107 i vi\u0161egodi\u0161nje saradnje sa Kancelarijom za prevenciju bolesti zavisnosti iz Nik\u0161i\u0107a u ponedjeljak 15. aprila realizovana je &nbsp;radionica na temu <em>Uticaj medija i vr\u0161njaka na kori\u0161\u0107enje psihoaktivnih supstanci<\/em> u kojoj su u\u010destvovali u\u010denici Srednje muzi\u010dke \u0161kole ,,Dara \u010cokorilo\u201d.<\/p>\n<p><img loading=\"lazy\" decoding=\"async\" src=\"images\/58543533_559298894473771_1261044097943076864_n.jpg\" alt=\"58543533 559298894473771 1261044097943076864 n\" width=\"398\" height=\"299\"><\/p>\n<p><!--more--><\/p>\n<p>Radionicu su vodile saradnice Kancelarije Ljubica Abramovi\u0107 i Ratka Jak\u0161i\u0107. Srednjo\u0161kolci su uzeli aktivno u\u010de\u0161\u0107e u izno\u0161enju&nbsp; mi\u0161ljenja o faktorima rizika, procjeni dostupnosti i stepenu konzumiranja psihoaktivnih supstanci me\u0111u vr\u0161njacima.<\/p>\n<p>Kroz interaktivan rad iznijeli su svoje vi\u0111enje o uticaju grupe i naj\u010de\u0161\u0107im izazovima koji su prijetnja za nihove vr\u0161njake.<\/p>\n","protected":false},"excerpt":{"rendered":"<p>U okviru redovnih godi\u0161njih aktivnosti psiholo\u0161kinje u Muzi\u010dkoj \u0161koli ,,Dara \u010cokorilo\u201d Ranke Bo\u017eovi\u0107 i vi\u0161egodi\u0161nje saradnje sa Kancelarijom za prevenciju bolesti zavisnosti iz Nik\u0161i\u0107a u ponedjeljak 15. aprila realizovana je &nbsp;radionica na temu Uticaj medija i vr\u0161njaka na kori\u0161\u0107enje psihoaktivnih supstanci u kojoj su u\u010destvovali u\u010denici Srednje muzi\u010dke \u0161kole ,,Dara \u010cokorilo\u201d.<\/p>\n","protected":false},"author":1,"featured_media":0,"comment_status":"open","ping_status":"open","sticky":false,"template":"","format":"standard","meta":{"pagelayer_contact_templates":[],"_pagelayer_content":"","footnotes":""},"categories":[26,29,32,30],"tags":[],"class_list":["post-124","post","type-post","status-publish","format-standard","hentry","category-aktivnosti","category-ostala-desavanja","category-slobodne-vannastavne-aktivnosti","category-ucenici"],"_links":{"self":[{"href":"https:\/\/daracokorilo.com\/index.php\/wp-json\/wp\/v2\/posts\/124","targetHints":{"allow":["GET"]}}],"collection":[{"href":"https:\/\/daracokorilo.com\/index.php\/wp-json\/wp\/v2\/posts"}],"about":[{"href":"https:\/\/daracokorilo.com\/index.php\/wp-json\/wp\/v2\/types\/post"}],"author":[{"embeddable":true,"href":"https:\/\/daracokorilo.com\/index.php\/wp-json\/wp\/v2\/users\/1"}],"replies":[{"embeddable":true,"href":"https:\/\/daracokorilo.com\/index.php\/wp-json\/wp\/v2\/comments?post=124"}],"version-history":[{"count":1,"href":"https:\/\/daracokorilo.com\/index.php\/wp-json\/wp\/v2\/posts\/124\/revisions"}],"predecessor-version":[{"id":438,"href":"https:\/\/daracokorilo.com\/index.php\/wp-json\/wp\/v2\/posts\/124\/revisions\/438"}],"wp:attachment":[{"href":"https:\/\/daracokorilo.com\/index.php\/wp-json\/wp\/v2\/media?parent=124"}],"wp:term":[{"taxonomy":"category","embeddable":true,"href":"https:\/\/daracokorilo.com\/index.php\/wp-json\/wp\/v2\/categories?post=124"},{"taxonomy":"post_tag","embeddable":true,"href":"https:\/\/daracokorilo.com\/index.php\/wp-json\/wp\/v2\/tags?post=124"}],"curies":[{"name":"wp","href":"https:\/\/api.w.org\/{rel}","templated":true}]}}