{"id":1937,"date":"2023-11-29T00:57:00","date_gmt":"2023-11-28T23:57:00","guid":{"rendered":"https:\/\/daracokorilo.com\/?p=1937"},"modified":"2024-02-09T07:37:47","modified_gmt":"2024-02-09T06:37:47","slug":"javni-casovi-23-i-28-novembar-2023","status":"publish","type":"post","link":"https:\/\/daracokorilo.com\/index.php\/2023\/11\/29\/javni-casovi-23-i-28-novembar-2023\/","title":{"rendered":"Javni \u010dasovi &#8211; 23. i 28. novembar 2023."},"content":{"rendered":"\n<p>Dana 23. novembra 2023. godine, u koncertnoj sali \u0161kole odr\u017ean je Javni \u010das u\u010denika osnovne i srednje \u0161kole.<img loading=\"lazy\" decoding=\"async\" height=\"16\" width=\"16\" src=\"https:\/\/static.xx.fbcdn.net\/images\/emoji.php\/v9\/t1f\/1\/16\/1f3b6.png\" alt=\"\ud83c\udfb6\"><img loading=\"lazy\" decoding=\"async\" height=\"16\" width=\"16\" src=\"https:\/\/static.xx.fbcdn.net\/images\/emoji.php\/v9\/t9e\/1\/16\/1f3b5.png\" alt=\"\ud83c\udfb5\"><\/p>\n\n\n\n<p>Nastupili su u\u010denici duva\u010dkog odsjeka &#8211; klasa profesor Bojan Drobnjak, u\u010denici sa odsjeka klavira &#8211; klase profesorica Svetlane Jokovi\u0107, Milice \u0110ikanovi\u0107 i An\u0111ele Mili\u0107evi\u0107, u\u010denici sa odsjeka solo pjevanja &#8211; klasa profesorica Tijana Ble\u010di\u0107 Perovi\u0107, kao i u\u010denik sa guda\u010dkog odsjeka &#8211; klasa profesorica Dijana Dendi\u0107.<\/p>\n\n\n\n<p>U koncertnoj sali \u0161kole, u utorak, 28. novambra 2023. odr\u017ean je drugi Javni \u010das u\u010denika osnovne i srednje \u0161kole.<\/p>\n\n\n\n<p>Osnovnu \u0161kolu predstavljali su u\u010denici sa klavirskog odsjeka &#8211; klase prof. Gordane Milatovi\u0107, Milice \u0110ikanovi\u0107, An\u0111ele Mili\u0107evi\u0107, u\u010denici sa odsjeka flaute &#8211; klase prof. Ksenije Popovi\u0107, prof. Ivanke Muhadinovi\u0107 i prof. Milene Bojovi\u0107, u\u010denici sa odsjeka trube iz klase prof. Bojana Drobnjaka, sa guda\u010dkog odsjeka predstavili su se u\u010denici iz klase profesorice Ivane \u0106u\u0107i\u0107, sa odsjeka harmonike u\u010denici iz klasa prof. Vesne \u0160arac i prof. Ane Bjeleti\u0107<\/p>\n\n\n\n<p>Na javnom \u010dasu predstavili su se i u\u010denici srednje \u0161kole &#8211; odsjek solo pjevanje, iz klasa prof. Tijane Ble\u010di\u0107 &#8211; Perovi\u0107. i prof. Diane Flor\u0161ic &#8211; Markovi\u0107, kamerni sastav iz klase prof. Dijane Dendi\u0107, u\u010denica iz klase prof. Bojane Golubovi\u0107.<\/p>\n\n\n\n<figure class=\"wp-block-gallery has-nested-images columns-default is-cropped wp-block-gallery-1 is-layout-flex wp-block-gallery-is-layout-flex\">\n<figure class=\"wp-block-image size-large\"><img loading=\"lazy\" decoding=\"async\" width=\"1024\" height=\"594\" data-id=\"1940\" src=\"https:\/\/daracokorilo.com\/wp-content\/uploads\/2024\/02\/Javni-cas-23.11.2023-1024x594.jpg\" alt=\"\" class=\"wp-image-1940\" srcset=\"https:\/\/daracokorilo.com\/wp-content\/uploads\/2024\/02\/Javni-cas-23.11.2023-1024x594.jpg 1024w, https:\/\/daracokorilo.com\/wp-content\/uploads\/2024\/02\/Javni-cas-23.11.2023-300x174.jpg 300w, https:\/\/daracokorilo.com\/wp-content\/uploads\/2024\/02\/Javni-cas-23.11.2023-768x446.jpg 768w, https:\/\/daracokorilo.com\/wp-content\/uploads\/2024\/02\/Javni-cas-23.11.2023.jpg 1440w\" sizes=\"auto, (max-width: 1024px) 100vw, 1024px\" \/><\/figure>\n\n\n\n<figure class=\"wp-block-image size-large\"><img loading=\"lazy\" decoding=\"async\" width=\"1024\" height=\"768\" data-id=\"1941\" src=\"https:\/\/daracokorilo.com\/wp-content\/uploads\/2024\/02\/jc-2-1024x768.jpg\" alt=\"\" class=\"wp-image-1941\" srcset=\"https:\/\/daracokorilo.com\/wp-content\/uploads\/2024\/02\/jc-2-1024x768.jpg 1024w, https:\/\/daracokorilo.com\/wp-content\/uploads\/2024\/02\/jc-2-300x225.jpg 300w, https:\/\/daracokorilo.com\/wp-content\/uploads\/2024\/02\/jc-2-768x576.jpg 768w, https:\/\/daracokorilo.com\/wp-content\/uploads\/2024\/02\/jc-2.jpg 1439w\" sizes=\"auto, (max-width: 1024px) 100vw, 1024px\" \/><\/figure>\n\n\n\n<figure class=\"wp-block-image size-large\"><img loading=\"lazy\" decoding=\"async\" width=\"1024\" height=\"768\" data-id=\"1939\" src=\"https:\/\/daracokorilo.com\/wp-content\/uploads\/2024\/02\/jc-3-1024x768.jpg\" alt=\"\" class=\"wp-image-1939\" srcset=\"https:\/\/daracokorilo.com\/wp-content\/uploads\/2024\/02\/jc-3-1024x768.jpg 1024w, https:\/\/daracokorilo.com\/wp-content\/uploads\/2024\/02\/jc-3-300x225.jpg 300w, https:\/\/daracokorilo.com\/wp-content\/uploads\/2024\/02\/jc-3-768x576.jpg 768w, https:\/\/daracokorilo.com\/wp-content\/uploads\/2024\/02\/jc-3.jpg 1440w\" sizes=\"auto, (max-width: 1024px) 100vw, 1024px\" \/><\/figure>\n\n\n\n<figure class=\"wp-block-image size-large\"><img loading=\"lazy\" decoding=\"async\" width=\"1024\" height=\"768\" data-id=\"1948\" src=\"https:\/\/daracokorilo.com\/wp-content\/uploads\/2024\/02\/jc-4-1024x768.jpg\" alt=\"\" class=\"wp-image-1948\" srcset=\"https:\/\/daracokorilo.com\/wp-content\/uploads\/2024\/02\/jc-4-1024x768.jpg 1024w, https:\/\/daracokorilo.com\/wp-content\/uploads\/2024\/02\/jc-4-300x225.jpg 300w, https:\/\/daracokorilo.com\/wp-content\/uploads\/2024\/02\/jc-4-768x576.jpg 768w, https:\/\/daracokorilo.com\/wp-content\/uploads\/2024\/02\/jc-4.jpg 1440w\" sizes=\"auto, (max-width: 1024px) 100vw, 1024px\" \/><\/figure>\n\n\n\n<figure class=\"wp-block-image size-large\"><img loading=\"lazy\" decoding=\"async\" width=\"1024\" height=\"768\" data-id=\"1944\" src=\"https:\/\/daracokorilo.com\/wp-content\/uploads\/2024\/02\/jc-5-1024x768.jpg\" alt=\"\" class=\"wp-image-1944\" srcset=\"https:\/\/daracokorilo.com\/wp-content\/uploads\/2024\/02\/jc-5-1024x768.jpg 1024w, https:\/\/daracokorilo.com\/wp-content\/uploads\/2024\/02\/jc-5-300x225.jpg 300w, https:\/\/daracokorilo.com\/wp-content\/uploads\/2024\/02\/jc-5-768x576.jpg 768w, https:\/\/daracokorilo.com\/wp-content\/uploads\/2024\/02\/jc-5.jpg 1440w\" sizes=\"auto, (max-width: 1024px) 100vw, 1024px\" \/><\/figure>\n\n\n\n<figure class=\"wp-block-image size-large\"><img loading=\"lazy\" decoding=\"async\" width=\"1024\" height=\"768\" data-id=\"1938\" src=\"https:\/\/daracokorilo.com\/wp-content\/uploads\/2024\/02\/jc-6-1024x768.jpg\" alt=\"\" class=\"wp-image-1938\" srcset=\"https:\/\/daracokorilo.com\/wp-content\/uploads\/2024\/02\/jc-6-1024x768.jpg 1024w, https:\/\/daracokorilo.com\/wp-content\/uploads\/2024\/02\/jc-6-300x225.jpg 300w, https:\/\/daracokorilo.com\/wp-content\/uploads\/2024\/02\/jc-6-768x576.jpg 768w, https:\/\/daracokorilo.com\/wp-content\/uploads\/2024\/02\/jc-6.jpg 1440w\" sizes=\"auto, (max-width: 1024px) 100vw, 1024px\" \/><\/figure>\n\n\n\n<figure class=\"wp-block-image size-large\"><img loading=\"lazy\" decoding=\"async\" width=\"1024\" height=\"768\" data-id=\"1942\" src=\"https:\/\/daracokorilo.com\/wp-content\/uploads\/2024\/02\/jc-7-1024x768.jpg\" alt=\"\" class=\"wp-image-1942\" srcset=\"https:\/\/daracokorilo.com\/wp-content\/uploads\/2024\/02\/jc-7-1024x768.jpg 1024w, https:\/\/daracokorilo.com\/wp-content\/uploads\/2024\/02\/jc-7-300x225.jpg 300w, https:\/\/daracokorilo.com\/wp-content\/uploads\/2024\/02\/jc-7-768x576.jpg 768w, https:\/\/daracokorilo.com\/wp-content\/uploads\/2024\/02\/jc-7.jpg 1440w\" sizes=\"auto, (max-width: 1024px) 100vw, 1024px\" \/><\/figure>\n\n\n\n<figure class=\"wp-block-image size-large\"><img loading=\"lazy\" decoding=\"async\" width=\"1024\" height=\"768\" data-id=\"1947\" src=\"https:\/\/daracokorilo.com\/wp-content\/uploads\/2024\/02\/jc-8-1024x768.jpg\" alt=\"\" class=\"wp-image-1947\" srcset=\"https:\/\/daracokorilo.com\/wp-content\/uploads\/2024\/02\/jc-8-1024x768.jpg 1024w, https:\/\/daracokorilo.com\/wp-content\/uploads\/2024\/02\/jc-8-300x225.jpg 300w, https:\/\/daracokorilo.com\/wp-content\/uploads\/2024\/02\/jc-8-768x576.jpg 768w, https:\/\/daracokorilo.com\/wp-content\/uploads\/2024\/02\/jc-8.jpg 1440w\" sizes=\"auto, (max-width: 1024px) 100vw, 1024px\" \/><\/figure>\n\n\n\n<figure class=\"wp-block-image size-large\"><img loading=\"lazy\" decoding=\"async\" width=\"1024\" height=\"768\" data-id=\"1945\" src=\"https:\/\/daracokorilo.com\/wp-content\/uploads\/2024\/02\/jc-9-1024x768.jpg\" alt=\"\" class=\"wp-image-1945\" srcset=\"https:\/\/daracokorilo.com\/wp-content\/uploads\/2024\/02\/jc-9-1024x768.jpg 1024w, https:\/\/daracokorilo.com\/wp-content\/uploads\/2024\/02\/jc-9-300x225.jpg 300w, https:\/\/daracokorilo.com\/wp-content\/uploads\/2024\/02\/jc-9-768x576.jpg 768w, https:\/\/daracokorilo.com\/wp-content\/uploads\/2024\/02\/jc-9.jpg 1440w\" sizes=\"auto, (max-width: 1024px) 100vw, 1024px\" \/><\/figure>\n\n\n\n<figure class=\"wp-block-image size-large\"><img loading=\"lazy\" decoding=\"async\" width=\"1024\" height=\"768\" data-id=\"1946\" src=\"https:\/\/daracokorilo.com\/wp-content\/uploads\/2024\/02\/jc-10-1024x768.jpg\" alt=\"\" class=\"wp-image-1946\" srcset=\"https:\/\/daracokorilo.com\/wp-content\/uploads\/2024\/02\/jc-10-1024x768.jpg 1024w, https:\/\/daracokorilo.com\/wp-content\/uploads\/2024\/02\/jc-10-300x225.jpg 300w, https:\/\/daracokorilo.com\/wp-content\/uploads\/2024\/02\/jc-10-768x576.jpg 768w, https:\/\/daracokorilo.com\/wp-content\/uploads\/2024\/02\/jc-10.jpg 1440w\" sizes=\"auto, (max-width: 1024px) 100vw, 1024px\" \/><\/figure>\n\n\n\n<figure class=\"wp-block-image size-large\"><img loading=\"lazy\" decoding=\"async\" width=\"1024\" height=\"809\" data-id=\"1943\" src=\"https:\/\/daracokorilo.com\/wp-content\/uploads\/2024\/02\/jc-11-1024x809.jpg\" alt=\"\" class=\"wp-image-1943\" srcset=\"https:\/\/daracokorilo.com\/wp-content\/uploads\/2024\/02\/jc-11-1024x809.jpg 1024w, https:\/\/daracokorilo.com\/wp-content\/uploads\/2024\/02\/jc-11-300x237.jpg 300w, https:\/\/daracokorilo.com\/wp-content\/uploads\/2024\/02\/jc-11-768x607.jpg 768w, https:\/\/daracokorilo.com\/wp-content\/uploads\/2024\/02\/jc-11.jpg 1440w\" sizes=\"auto, (max-width: 1024px) 100vw, 1024px\" \/><\/figure>\n<\/figure>\n","protected":false},"excerpt":{"rendered":"<p>Dana 23. novembra 2023. godine, u koncertnoj sali \u0161kole odr\u017ean je Javni \u010das u\u010denika osnovne i srednje \u0161kole. Nastupili su u\u010denici duva\u010dkog odsjeka &#8211; klasa profesor Bojan Drobnjak, u\u010denici sa odsjeka klavira &#8211; klase profesorica Svetlane Jokovi\u0107, Milice \u0110ikanovi\u0107 i An\u0111ele Mili\u0107evi\u0107, u\u010denici sa odsjeka solo pjevanja &#8211; klasa profesorica Tijana Ble\u010di\u0107 Perovi\u0107, kao i [&hellip;]<\/p>\n","protected":false},"author":1,"featured_media":1935,"comment_status":"open","ping_status":"open","sticky":false,"template":"","format":"standard","meta":{"pagelayer_contact_templates":[],"_pagelayer_content":"","footnotes":""},"categories":[26,27,5,9,22,32,23,15],"tags":[],"class_list":["post-1937","post","type-post","status-publish","format-standard","has-post-thumbnail","hentry","category-aktivnosti","category-javni-casovi","category-koncerti","category-naslovna","category-osnovna-skola-odjeljenska-starjesinstva","category-slobodne-vannastavne-aktivnosti","category-srednja-skola-odjeljenska-starjesinstva","category-zivot-skole"],"_links":{"self":[{"href":"https:\/\/daracokorilo.com\/index.php\/wp-json\/wp\/v2\/posts\/1937","targetHints":{"allow":["GET"]}}],"collection":[{"href":"https:\/\/daracokorilo.com\/index.php\/wp-json\/wp\/v2\/posts"}],"about":[{"href":"https:\/\/daracokorilo.com\/index.php\/wp-json\/wp\/v2\/types\/post"}],"author":[{"embeddable":true,"href":"https:\/\/daracokorilo.com\/index.php\/wp-json\/wp\/v2\/users\/1"}],"replies":[{"embeddable":true,"href":"https:\/\/daracokorilo.com\/index.php\/wp-json\/wp\/v2\/comments?post=1937"}],"version-history":[{"count":1,"href":"https:\/\/daracokorilo.com\/index.php\/wp-json\/wp\/v2\/posts\/1937\/revisions"}],"predecessor-version":[{"id":1949,"href":"https:\/\/daracokorilo.com\/index.php\/wp-json\/wp\/v2\/posts\/1937\/revisions\/1949"}],"wp:featuredmedia":[{"embeddable":true,"href":"https:\/\/daracokorilo.com\/index.php\/wp-json\/wp\/v2\/media\/1935"}],"wp:attachment":[{"href":"https:\/\/daracokorilo.com\/index.php\/wp-json\/wp\/v2\/media?parent=1937"}],"wp:term":[{"taxonomy":"category","embeddable":true,"href":"https:\/\/daracokorilo.com\/index.php\/wp-json\/wp\/v2\/categories?post=1937"},{"taxonomy":"post_tag","embeddable":true,"href":"https:\/\/daracokorilo.com\/index.php\/wp-json\/wp\/v2\/tags?post=1937"}],"curies":[{"name":"wp","href":"https:\/\/api.w.org\/{rel}","templated":true}]}}