{"id":2339,"date":"2024-06-18T05:49:22","date_gmt":"2024-06-18T03:49:22","guid":{"rendered":"https:\/\/daracokorilo.com\/?p=2339"},"modified":"2024-06-19T05:51:10","modified_gmt":"2024-06-19T03:51:10","slug":"objavljen-konkurs-za-upis-ucenika-u-prvi-razred-srednje-skole","status":"publish","type":"post","link":"https:\/\/daracokorilo.com\/index.php\/2024\/06\/18\/objavljen-konkurs-za-upis-ucenika-u-prvi-razred-srednje-skole\/","title":{"rendered":"OBJAVLJEN KONKURS ZA UPIS U\u010cENIKA U PRVI RAZRED SREDNJE \u0160KOLE"},"content":{"rendered":"\n<p><strong>Prijemni&nbsp; ispit&nbsp;&nbsp; za upis u&nbsp; prvi&nbsp; razred&nbsp; Srednje muzi\u010dke \u0161kole &#8211; &nbsp;junski rok&nbsp; odr\u017ea\u0107e se 21. juna 2024.god.&nbsp; po sljede\u0107em rasporedu<\/strong><strong>:<\/strong><\/p>\n\n\n\n<ul class=\"wp-block-list\">\n<li><strong>Solfe\u0111o sa teorijom muzike\u00a0 u\u00a0 9<\/strong><strong>:00<\/strong><strong>\u00a0\u00a0<\/strong><\/li>\n\n\n\n<li><strong>Instrument\u00a0 u 10:30<\/strong><\/li>\n\n\n\n<li><strong>Solo pjevanje u 12:00\u00a0\u00a0\u00a0\u00a0\u00a0<\/strong><\/li>\n<\/ul>\n\n\n\n<figure class=\"wp-block-embed\"><div class=\"wp-block-embed__wrapper\">\nhttps:\/\/www.gov.me\/clanak\/konkurs-za-upis-ucenika-u-prvi-razred-srednjih-skola-u-crnoj-gori-za-skolsku-2024-2025\n<\/div><\/figure>\n","protected":false},"excerpt":{"rendered":"<p>Prijemni&nbsp; ispit&nbsp;&nbsp; za upis u&nbsp; prvi&nbsp; razred&nbsp; Srednje muzi\u010dke \u0161kole &#8211; &nbsp;junski rok&nbsp; odr\u017ea\u0107e se 21. juna 2024.god.&nbsp; po sljede\u0107em rasporedu:<\/p>\n","protected":false},"author":1,"featured_media":0,"comment_status":"open","ping_status":"open","sticky":false,"template":"","format":"standard","meta":{"pagelayer_contact_templates":[],"_pagelayer_content":"","footnotes":""},"categories":[1,22,35,23],"tags":[],"class_list":["post-2339","post","type-post","status-publish","format-standard","hentry","category-naslovna-2","category-osnovna-skola-odjeljenska-starjesinstva","category-savjet-roditelja","category-srednja-skola-odjeljenska-starjesinstva"],"_links":{"self":[{"href":"https:\/\/daracokorilo.com\/index.php\/wp-json\/wp\/v2\/posts\/2339","targetHints":{"allow":["GET"]}}],"collection":[{"href":"https:\/\/daracokorilo.com\/index.php\/wp-json\/wp\/v2\/posts"}],"about":[{"href":"https:\/\/daracokorilo.com\/index.php\/wp-json\/wp\/v2\/types\/post"}],"author":[{"embeddable":true,"href":"https:\/\/daracokorilo.com\/index.php\/wp-json\/wp\/v2\/users\/1"}],"replies":[{"embeddable":true,"href":"https:\/\/daracokorilo.com\/index.php\/wp-json\/wp\/v2\/comments?post=2339"}],"version-history":[{"count":1,"href":"https:\/\/daracokorilo.com\/index.php\/wp-json\/wp\/v2\/posts\/2339\/revisions"}],"predecessor-version":[{"id":2340,"href":"https:\/\/daracokorilo.com\/index.php\/wp-json\/wp\/v2\/posts\/2339\/revisions\/2340"}],"wp:attachment":[{"href":"https:\/\/daracokorilo.com\/index.php\/wp-json\/wp\/v2\/media?parent=2339"}],"wp:term":[{"taxonomy":"category","embeddable":true,"href":"https:\/\/daracokorilo.com\/index.php\/wp-json\/wp\/v2\/categories?post=2339"},{"taxonomy":"post_tag","embeddable":true,"href":"https:\/\/daracokorilo.com\/index.php\/wp-json\/wp\/v2\/tags?post=2339"}],"curies":[{"name":"wp","href":"https:\/\/api.w.org\/{rel}","templated":true}]}}