{"id":2613,"date":"2024-10-29T10:42:20","date_gmt":"2024-10-29T09:42:20","guid":{"rendered":"https:\/\/daracokorilo.com\/?p=2613"},"modified":"2024-11-29T10:43:46","modified_gmt":"2024-11-29T09:43:46","slug":"majstorski-kurs-violinista-andrej-kurti-djurovic","status":"publish","type":"post","link":"https:\/\/daracokorilo.com\/index.php\/2024\/10\/29\/majstorski-kurs-violinista-andrej-kurti-djurovic\/","title":{"rendered":"Majstorski kurs &#8211; violinista Andrej Kurti \u0110urovi\u0107"},"content":{"rendered":"\n<p>U\u010denik tre\u0107eg razreda srednje muzi\u010dke \u0161kole &#8222;Dara \u010cokorilo&#8220; Luka Bajovi\u0107 u\u010destvovao je na majstorskom kursu koji je u okviru trodnevnog gostovanja u Crnoj Gori odr\u017eao ugledni violinista Andrej Kurti \u0110urovi\u0107.<br>Profesor Kurti \u0110urovi\u0107 je ukazao mladim violinistima \u0161ta treba da unaprijede daju\u0107i im korisne savjete uz ohrabruju\u0107i pedago\u0161ki pristup.\u00a0<br>\u010casovi su bili u organizaciji KIC &#8222;Budo Tomovi\u0107&#8220;<\/p>\n\n\n\n<figure class=\"wp-block-image size-full\"><img loading=\"lazy\" decoding=\"async\" width=\"755\" height=\"755\" src=\"https:\/\/daracokorilo.com\/wp-content\/uploads\/2024\/11\/464779606_17929416929957233_2055239466412595826_n.jpg\" alt=\"\" class=\"wp-image-2614\" srcset=\"https:\/\/daracokorilo.com\/wp-content\/uploads\/2024\/11\/464779606_17929416929957233_2055239466412595826_n.jpg 755w, https:\/\/daracokorilo.com\/wp-content\/uploads\/2024\/11\/464779606_17929416929957233_2055239466412595826_n-300x300.jpg 300w, https:\/\/daracokorilo.com\/wp-content\/uploads\/2024\/11\/464779606_17929416929957233_2055239466412595826_n-150x150.jpg 150w\" sizes=\"auto, (max-width: 755px) 100vw, 755px\" \/><\/figure>\n","protected":false},"excerpt":{"rendered":"<p>U\u010denik tre\u0107eg razreda srednje muzi\u010dke \u0161kole &#8222;Dara \u010cokorilo&#8220; Luka Bajovi\u0107 u\u010destvovao je na majstorskom kursu koji je u okviru trodnevnog gostovanja u Crnoj Gori odr\u017eao ugledni violinista Andrej Kurti \u0110urovi\u0107.Profesor Kurti \u0110urovi\u0107 je ukazao mladim violinistima \u0161ta treba da unaprijede daju\u0107i im korisne savjete uz ohrabruju\u0107i pedago\u0161ki pristup.\u00a0\u010casovi su bili u organizaciji KIC &#8222;Budo Tomovi\u0107&#8220;<\/p>\n","protected":false},"author":1,"featured_media":2614,"comment_status":"open","ping_status":"open","sticky":false,"template":"","format":"standard","meta":{"pagelayer_contact_templates":[],"_pagelayer_content":"","footnotes":""},"categories":[1],"tags":[],"class_list":["post-2613","post","type-post","status-publish","format-standard","has-post-thumbnail","hentry","category-naslovna-2"],"_links":{"self":[{"href":"https:\/\/daracokorilo.com\/index.php\/wp-json\/wp\/v2\/posts\/2613","targetHints":{"allow":["GET"]}}],"collection":[{"href":"https:\/\/daracokorilo.com\/index.php\/wp-json\/wp\/v2\/posts"}],"about":[{"href":"https:\/\/daracokorilo.com\/index.php\/wp-json\/wp\/v2\/types\/post"}],"author":[{"embeddable":true,"href":"https:\/\/daracokorilo.com\/index.php\/wp-json\/wp\/v2\/users\/1"}],"replies":[{"embeddable":true,"href":"https:\/\/daracokorilo.com\/index.php\/wp-json\/wp\/v2\/comments?post=2613"}],"version-history":[{"count":1,"href":"https:\/\/daracokorilo.com\/index.php\/wp-json\/wp\/v2\/posts\/2613\/revisions"}],"predecessor-version":[{"id":2615,"href":"https:\/\/daracokorilo.com\/index.php\/wp-json\/wp\/v2\/posts\/2613\/revisions\/2615"}],"wp:featuredmedia":[{"embeddable":true,"href":"https:\/\/daracokorilo.com\/index.php\/wp-json\/wp\/v2\/media\/2614"}],"wp:attachment":[{"href":"https:\/\/daracokorilo.com\/index.php\/wp-json\/wp\/v2\/media?parent=2613"}],"wp:term":[{"taxonomy":"category","embeddable":true,"href":"https:\/\/daracokorilo.com\/index.php\/wp-json\/wp\/v2\/categories?post=2613"},{"taxonomy":"post_tag","embeddable":true,"href":"https:\/\/daracokorilo.com\/index.php\/wp-json\/wp\/v2\/tags?post=2613"}],"curies":[{"name":"wp","href":"https:\/\/api.w.org\/{rel}","templated":true}]}}