{"id":3125,"date":"2025-04-28T10:13:35","date_gmt":"2025-04-28T08:13:35","guid":{"rendered":"https:\/\/daracokorilo.com\/?p=3125"},"modified":"2025-04-28T10:15:37","modified_gmt":"2025-04-28T08:15:37","slug":"luka-bajovic-medjunarodna-audicija-za-mediteranski-orkestar-mladih","status":"publish","type":"post","link":"https:\/\/daracokorilo.com\/index.php\/2025\/04\/28\/luka-bajovic-medjunarodna-audicija-za-mediteranski-orkestar-mladih\/","title":{"rendered":"Luka Bajovi\u0107 &#8211; Me\u0111unarodna audicija za Mediteranski orkestar mladih"},"content":{"rendered":"\n<p>U\u010denik srednje muzi\u010dke \u0161kole Luka Bajovi\u0107 iz klase prof. Dijane Dendi\u0107\u00a0 polo\u017eio je po drugi put me\u0111unarodnu audiciju za\u00a0 Mediteranski orkestar mladih koji okuplja mlade muzi\u010dare\u00a0 iz 20 evropskih dr\u017eava. Orkestar djeluje u okviru Festivala d&#8217;Aix- en-Provance u Francuskoj, a Luka \u0107e, kao i prethodne godine, biti\u00a0 jedini predstavnik Crne Gore.<\/p>\n\n\n\n<figure class=\"wp-block-image size-large\"><img decoding=\"async\" src=\"https:\/\/daracokorilo.com\/wp-content\/uploads\/2025\/04\/thumbnail_1000001777-643x1024.jpg\" alt=\"\" class=\"wp-image-3126\"\/><\/figure>\n","protected":false},"excerpt":{"rendered":"<p>U\u010denik srednje muzi\u010dke \u0161kole Luka Bajovi\u0107 iz klase prof. Dijane Dendi\u0107\u00a0 polo\u017eio je po drugi put me\u0111unarodnu audiciju za\u00a0 Mediteranski orkestar mladih koji okuplja mlade muzi\u010dare\u00a0 iz 20 evropskih dr\u017eava. Orkestar djeluje u okviru Festivala d&#8217;Aix- en-Provance u Francuskoj, a Luka \u0107e, kao i prethodne godine, biti\u00a0 jedini predstavnik Crne Gore.<\/p>\n","protected":false},"author":1,"featured_media":3128,"comment_status":"open","ping_status":"open","sticky":false,"template":"","format":"standard","meta":{"pagelayer_contact_templates":[],"_pagelayer_content":"","footnotes":""},"categories":[1],"tags":[],"class_list":["post-3125","post","type-post","status-publish","format-standard","has-post-thumbnail","hentry","category-naslovna-2"],"_links":{"self":[{"href":"https:\/\/daracokorilo.com\/index.php\/wp-json\/wp\/v2\/posts\/3125","targetHints":{"allow":["GET"]}}],"collection":[{"href":"https:\/\/daracokorilo.com\/index.php\/wp-json\/wp\/v2\/posts"}],"about":[{"href":"https:\/\/daracokorilo.com\/index.php\/wp-json\/wp\/v2\/types\/post"}],"author":[{"embeddable":true,"href":"https:\/\/daracokorilo.com\/index.php\/wp-json\/wp\/v2\/users\/1"}],"replies":[{"embeddable":true,"href":"https:\/\/daracokorilo.com\/index.php\/wp-json\/wp\/v2\/comments?post=3125"}],"version-history":[{"count":2,"href":"https:\/\/daracokorilo.com\/index.php\/wp-json\/wp\/v2\/posts\/3125\/revisions"}],"predecessor-version":[{"id":3129,"href":"https:\/\/daracokorilo.com\/index.php\/wp-json\/wp\/v2\/posts\/3125\/revisions\/3129"}],"wp:featuredmedia":[{"embeddable":true,"href":"https:\/\/daracokorilo.com\/index.php\/wp-json\/wp\/v2\/media\/3128"}],"wp:attachment":[{"href":"https:\/\/daracokorilo.com\/index.php\/wp-json\/wp\/v2\/media?parent=3125"}],"wp:term":[{"taxonomy":"category","embeddable":true,"href":"https:\/\/daracokorilo.com\/index.php\/wp-json\/wp\/v2\/categories?post=3125"},{"taxonomy":"post_tag","embeddable":true,"href":"https:\/\/daracokorilo.com\/index.php\/wp-json\/wp\/v2\/tags?post=3125"}],"curies":[{"name":"wp","href":"https:\/\/api.w.org\/{rel}","templated":true}]}}