{"id":3213,"date":"2025-05-29T10:24:04","date_gmt":"2025-05-29T08:24:04","guid":{"rendered":"https:\/\/daracokorilo.com\/?p=3213"},"modified":"2025-05-30T10:26:25","modified_gmt":"2025-05-30T08:26:25","slug":"obiljezena-nedelja-drzavnog-arhiva-crne-gore","status":"publish","type":"post","link":"https:\/\/daracokorilo.com\/index.php\/2025\/05\/29\/obiljezena-nedelja-drzavnog-arhiva-crne-gore\/","title":{"rendered":"Obilje\u017eena nedelja Dr\u017eavnog arhiva Crne Gore"},"content":{"rendered":"\n<p>Dana 29.05.2025. godine u sve\u010danoj sali Tehnopolisa, u organizaciji Dr\u017eavnog arhiva Crne Gore organizovana je izlo\u017eba dokumenata &#8222;Jefto Miletin Nikoli\u0107&#8220; autorke Ljubomirke Asovi\u0107. Kamerni ansambl \u010diji je mentor profesorica Vesna \u0160arac u sastavu: Vuk Vuja\u010di\u0107 (harmonika), Zoja Mini\u0107 (violina) i Ksenija Sari\u0107 (flauta) su u\u010destvovali u kulturno -umjetni\u010dkom dijelu programa i na taj na\u010din predstavili sebe i \u0161kolu na najbolji na\u010din.<\/p>\n\n\n\n<p>Na\u0161i u\u010denici su svojim nastupom ovom doga\u0111aju <a><\/a>dali poseban pe\u010dat i jo\u0161 jednom pokazali spremnost za saradnju sa lokalnom zajednicom.<\/p>\n\n\n\n<p>Koristimo priliku da se zahvalimo organizatoru na pozivu.<img loading=\"lazy\" decoding=\"async\" height=\"16\" width=\"16\" alt=\"\ud83d\udc9c\" src=\"https:\/\/static.xx.fbcdn.net\/images\/emoji.php\/v9\/t96\/1\/16\/1f49c.png\"><img loading=\"lazy\" decoding=\"async\" height=\"16\" width=\"16\" alt=\"\ud83c\udfb6\" src=\"https:\/\/static.xx.fbcdn.net\/images\/emoji.php\/v9\/t1f\/1\/16\/1f3b6.png\"><\/p>\n\n\n\n<figure class=\"wp-block-image size-large\"><img loading=\"lazy\" decoding=\"async\" width=\"1024\" height=\"766\" src=\"https:\/\/daracokorilo.com\/wp-content\/uploads\/2025\/05\/501651680_17954365622957233_1164227454116147104_n-1024x766.jpg\" alt=\"\" class=\"wp-image-3214\" srcset=\"https:\/\/daracokorilo.com\/wp-content\/uploads\/2025\/05\/501651680_17954365622957233_1164227454116147104_n-1024x766.jpg 1024w, https:\/\/daracokorilo.com\/wp-content\/uploads\/2025\/05\/501651680_17954365622957233_1164227454116147104_n-300x224.jpg 300w, https:\/\/daracokorilo.com\/wp-content\/uploads\/2025\/05\/501651680_17954365622957233_1164227454116147104_n-768x574.jpg 768w, https:\/\/daracokorilo.com\/wp-content\/uploads\/2025\/05\/501651680_17954365622957233_1164227454116147104_n.jpg 1440w\" sizes=\"auto, (max-width: 1024px) 100vw, 1024px\" \/><\/figure>\n\n\n\n<figure class=\"wp-block-image size-large\"><img loading=\"lazy\" decoding=\"async\" width=\"1024\" height=\"764\" src=\"https:\/\/daracokorilo.com\/wp-content\/uploads\/2025\/05\/501913354_17954365625957233_3146602424697703359_n-1024x764.jpg\" alt=\"\" class=\"wp-image-3215\" srcset=\"https:\/\/daracokorilo.com\/wp-content\/uploads\/2025\/05\/501913354_17954365625957233_3146602424697703359_n-1024x764.jpg 1024w, https:\/\/daracokorilo.com\/wp-content\/uploads\/2025\/05\/501913354_17954365625957233_3146602424697703359_n-300x224.jpg 300w, https:\/\/daracokorilo.com\/wp-content\/uploads\/2025\/05\/501913354_17954365625957233_3146602424697703359_n-768x573.jpg 768w, https:\/\/daracokorilo.com\/wp-content\/uploads\/2025\/05\/501913354_17954365625957233_3146602424697703359_n.jpg 1440w\" sizes=\"auto, (max-width: 1024px) 100vw, 1024px\" \/><\/figure>\n\n\n\n<figure class=\"wp-block-image size-large\"><img loading=\"lazy\" decoding=\"async\" width=\"1024\" height=\"766\" src=\"https:\/\/daracokorilo.com\/wp-content\/uploads\/2025\/05\/501647807_17954365634957233_803900886823357362_n-1024x766.jpg\" alt=\"\" class=\"wp-image-3216\" srcset=\"https:\/\/daracokorilo.com\/wp-content\/uploads\/2025\/05\/501647807_17954365634957233_803900886823357362_n-1024x766.jpg 1024w, https:\/\/daracokorilo.com\/wp-content\/uploads\/2025\/05\/501647807_17954365634957233_803900886823357362_n-300x225.jpg 300w, https:\/\/daracokorilo.com\/wp-content\/uploads\/2025\/05\/501647807_17954365634957233_803900886823357362_n-768x575.jpg 768w, https:\/\/daracokorilo.com\/wp-content\/uploads\/2025\/05\/501647807_17954365634957233_803900886823357362_n.jpg 1439w\" sizes=\"auto, (max-width: 1024px) 100vw, 1024px\" \/><\/figure>\n","protected":false},"excerpt":{"rendered":"<p>Dana 29.05.2025. godine u sve\u010danoj sali Tehnopolisa, u organizaciji Dr\u017eavnog arhiva Crne Gore organizovana je izlo\u017eba dokumenata &#8222;Jefto Miletin Nikoli\u0107&#8220; autorke Ljubomirke Asovi\u0107. Kamerni ansambl \u010diji je mentor profesorica Vesna \u0160arac u sastavu: Vuk Vuja\u010di\u0107 (harmonika), Zoja Mini\u0107 (violina) i Ksenija Sari\u0107 (flauta) su u\u010destvovali u kulturno -umjetni\u010dkom dijelu programa i na taj na\u010din predstavili [&hellip;]<\/p>\n","protected":false},"author":1,"featured_media":3214,"comment_status":"open","ping_status":"open","sticky":false,"template":"","format":"standard","meta":{"pagelayer_contact_templates":[],"_pagelayer_content":"","footnotes":""},"categories":[1],"tags":[],"class_list":["post-3213","post","type-post","status-publish","format-standard","has-post-thumbnail","hentry","category-naslovna-2"],"_links":{"self":[{"href":"https:\/\/daracokorilo.com\/index.php\/wp-json\/wp\/v2\/posts\/3213","targetHints":{"allow":["GET"]}}],"collection":[{"href":"https:\/\/daracokorilo.com\/index.php\/wp-json\/wp\/v2\/posts"}],"about":[{"href":"https:\/\/daracokorilo.com\/index.php\/wp-json\/wp\/v2\/types\/post"}],"author":[{"embeddable":true,"href":"https:\/\/daracokorilo.com\/index.php\/wp-json\/wp\/v2\/users\/1"}],"replies":[{"embeddable":true,"href":"https:\/\/daracokorilo.com\/index.php\/wp-json\/wp\/v2\/comments?post=3213"}],"version-history":[{"count":1,"href":"https:\/\/daracokorilo.com\/index.php\/wp-json\/wp\/v2\/posts\/3213\/revisions"}],"predecessor-version":[{"id":3217,"href":"https:\/\/daracokorilo.com\/index.php\/wp-json\/wp\/v2\/posts\/3213\/revisions\/3217"}],"wp:featuredmedia":[{"embeddable":true,"href":"https:\/\/daracokorilo.com\/index.php\/wp-json\/wp\/v2\/media\/3214"}],"wp:attachment":[{"href":"https:\/\/daracokorilo.com\/index.php\/wp-json\/wp\/v2\/media?parent=3213"}],"wp:term":[{"taxonomy":"category","embeddable":true,"href":"https:\/\/daracokorilo.com\/index.php\/wp-json\/wp\/v2\/categories?post=3213"},{"taxonomy":"post_tag","embeddable":true,"href":"https:\/\/daracokorilo.com\/index.php\/wp-json\/wp\/v2\/tags?post=3213"}],"curies":[{"name":"wp","href":"https:\/\/api.w.org\/{rel}","templated":true}]}}