{"id":3367,"date":"2025-11-27T12:10:37","date_gmt":"2025-11-27T11:10:37","guid":{"rendered":"https:\/\/daracokorilo.com\/?p=3367"},"modified":"2025-11-27T12:10:53","modified_gmt":"2025-11-27T11:10:53","slug":"blagoje-karadzic-u-finalutakmicenja-trophee-mondial-de-laccordeon-u-francuskoj","status":"publish","type":"post","link":"https:\/\/daracokorilo.com\/index.php\/2025\/11\/27\/blagoje-karadzic-u-finalutakmicenja-trophee-mondial-de-laccordeon-u-francuskoj\/","title":{"rendered":"Blagoje Karad\u017ei\u0107 u finalu takmi\u010denja &#8222;Trophee mondial de l\u2019Accordeon&#8220;, u Francuskoj"},"content":{"rendered":"\n<p>U okviru takmi\u010denja Trophee mondial de l\u2019Accordeon, u online formatu, u kategoriji International Open Trophy Category 3C, uzrast 12 godina i mla\u0111i, nastupio je u\u010denik VI razreda Blagoje Karad\u017ei\u0107, klasa prof Ljiljana Radovi\u0107, i osvojio 10 mjesto &#8211; 22,11\/25 bodova, \u0161to ga je plasiralo i u finale takmi\u010denja koje se odr\u017eava u periodu od 25. do 30. Novembra 2025, u Francuskoj.<br>Ponosni na na\u0161eg u\u010denika Blagoja, \u017eelimo mu sre\u0107an i uspje\u0161an put!<\/p>\n\n\n\n<figure class=\"wp-block-image\"><img decoding=\"async\" src=\"https:\/\/static.xx.fbcdn.net\/images\/emoji.php\/v9\/t1f\/1\/16\/1f3b6.png\" alt=\"\ud83c\udfb6\"\/><\/figure>\n\n\n\n<figure class=\"wp-block-image\"><img decoding=\"async\" src=\"https:\/\/static.xx.fbcdn.net\/images\/emoji.php\/v9\/td7\/1\/16\/1fa97.png\" alt=\"\ud83e\ude97\"\/><\/figure>\n\n\n\n<figure class=\"wp-block-image size-large\"><img loading=\"lazy\" decoding=\"async\" width=\"1024\" height=\"751\" src=\"https:\/\/daracokorilo.com\/wp-content\/uploads\/2025\/11\/587702418_17974312523957233_2468886384067938445_n-1024x751.jpg\" alt=\"\" class=\"wp-image-3368\" srcset=\"https:\/\/daracokorilo.com\/wp-content\/uploads\/2025\/11\/587702418_17974312523957233_2468886384067938445_n-1024x751.jpg 1024w, https:\/\/daracokorilo.com\/wp-content\/uploads\/2025\/11\/587702418_17974312523957233_2468886384067938445_n-300x220.jpg 300w, https:\/\/daracokorilo.com\/wp-content\/uploads\/2025\/11\/587702418_17974312523957233_2468886384067938445_n-768x563.jpg 768w, https:\/\/daracokorilo.com\/wp-content\/uploads\/2025\/11\/587702418_17974312523957233_2468886384067938445_n.jpg 1439w\" sizes=\"auto, (max-width: 1024px) 100vw, 1024px\" \/><\/figure>\n","protected":false},"excerpt":{"rendered":"<p>U okviru takmi\u010denja Trophee mondial de l\u2019Accordeon, u online formatu, u kategoriji International Open Trophy Category 3C, uzrast 12 godina i mla\u0111i, nastupio je u\u010denik VI razreda Blagoje Karad\u017ei\u0107, klasa prof Ljiljana Radovi\u0107, i osvojio 10 mjesto &#8211; 22,11\/25 bodova, \u0161to ga je plasiralo i u finale takmi\u010denja koje se odr\u017eava u periodu od 25. [&hellip;]<\/p>\n","protected":false},"author":1,"featured_media":3369,"comment_status":"open","ping_status":"open","sticky":false,"template":"","format":"standard","meta":{"pagelayer_contact_templates":[],"_pagelayer_content":"","footnotes":""},"categories":[1],"tags":[],"class_list":["post-3367","post","type-post","status-publish","format-standard","has-post-thumbnail","hentry","category-naslovna-2"],"_links":{"self":[{"href":"https:\/\/daracokorilo.com\/index.php\/wp-json\/wp\/v2\/posts\/3367","targetHints":{"allow":["GET"]}}],"collection":[{"href":"https:\/\/daracokorilo.com\/index.php\/wp-json\/wp\/v2\/posts"}],"about":[{"href":"https:\/\/daracokorilo.com\/index.php\/wp-json\/wp\/v2\/types\/post"}],"author":[{"embeddable":true,"href":"https:\/\/daracokorilo.com\/index.php\/wp-json\/wp\/v2\/users\/1"}],"replies":[{"embeddable":true,"href":"https:\/\/daracokorilo.com\/index.php\/wp-json\/wp\/v2\/comments?post=3367"}],"version-history":[{"count":2,"href":"https:\/\/daracokorilo.com\/index.php\/wp-json\/wp\/v2\/posts\/3367\/revisions"}],"predecessor-version":[{"id":3371,"href":"https:\/\/daracokorilo.com\/index.php\/wp-json\/wp\/v2\/posts\/3367\/revisions\/3371"}],"wp:featuredmedia":[{"embeddable":true,"href":"https:\/\/daracokorilo.com\/index.php\/wp-json\/wp\/v2\/media\/3369"}],"wp:attachment":[{"href":"https:\/\/daracokorilo.com\/index.php\/wp-json\/wp\/v2\/media?parent=3367"}],"wp:term":[{"taxonomy":"category","embeddable":true,"href":"https:\/\/daracokorilo.com\/index.php\/wp-json\/wp\/v2\/categories?post=3367"},{"taxonomy":"post_tag","embeddable":true,"href":"https:\/\/daracokorilo.com\/index.php\/wp-json\/wp\/v2\/tags?post=3367"}],"curies":[{"name":"wp","href":"https:\/\/api.w.org\/{rel}","templated":true}]}}