{"id":3421,"date":"2026-02-10T13:59:34","date_gmt":"2026-02-10T12:59:34","guid":{"rendered":"https:\/\/daracokorilo.com\/?p=3421"},"modified":"2026-02-10T14:05:40","modified_gmt":"2026-02-10T13:05:40","slug":"imaginarijum-slika-i-muzika-11-02-2026-godine-sa-pocetkom-u-19-casova","status":"publish","type":"post","link":"https:\/\/daracokorilo.com\/index.php\/2026\/02\/10\/imaginarijum-slika-i-muzika-11-02-2026-godine-sa-pocetkom-u-19-casova\/","title":{"rendered":"IMAGINARIJUM &#8211; Slika i muzika, 11.02.2026. godine sa po\u010detkom u 19 \u010dasova"},"content":{"rendered":"\n<p>U srijedu, 11. februara u Koncertnoj sali muzi\u010dke \u0161kole Dara \u010cokorilo, u Nik\u0161i\u0107u, u 19 \u010dasova, nastavljamo sa realizacijom projekta Imaginarijum. Tema \u0161esnaeste sesije je Slika i muzika, a gosti \u0107e biti Goran Peri\u0161i\u0107 i Danijel Cerovi\u0107, gitaristi i osniva\u010di Nik\u0161i\u0107 Guitar Festivala (NGF).<\/p>\n\n\n\n<p>Razgovor sa uva\u017eenim gostima \u0107e voditi autorka projekta Imaginarijum, istori\u010darka umjetnosti i urednica programa u JU Zahumlje Kristina Radovi\u0107.<\/p>\n\n\n\n<p><\/p>\n","protected":false},"excerpt":{"rendered":"<p>U srijedu, 11. februara u Koncertnoj sali muzi\u010dke \u0161kole Dara \u010cokorilo, u Nik\u0161i\u0107u, u 19 \u010dasova, nastavljamo sa realizacijom projekta Imaginarijum. Tema \u0161esnaeste sesije je Slika i muzika, a gosti \u0107e biti Goran Peri\u0161i\u0107 i Danijel Cerovi\u0107, gitaristi i osniva\u010di Nik\u0161i\u0107 Guitar Festivala (NGF). Razgovor sa uva\u017eenim gostima \u0107e voditi autorka projekta Imaginarijum, istori\u010darka umjetnosti [&hellip;]<\/p>\n","protected":false},"author":1,"featured_media":3425,"comment_status":"open","ping_status":"open","sticky":false,"template":"","format":"standard","meta":{"pagelayer_contact_templates":[],"_pagelayer_content":"","footnotes":""},"categories":[1],"tags":[],"class_list":["post-3421","post","type-post","status-publish","format-standard","has-post-thumbnail","hentry","category-naslovna-2"],"_links":{"self":[{"href":"https:\/\/daracokorilo.com\/index.php\/wp-json\/wp\/v2\/posts\/3421","targetHints":{"allow":["GET"]}}],"collection":[{"href":"https:\/\/daracokorilo.com\/index.php\/wp-json\/wp\/v2\/posts"}],"about":[{"href":"https:\/\/daracokorilo.com\/index.php\/wp-json\/wp\/v2\/types\/post"}],"author":[{"embeddable":true,"href":"https:\/\/daracokorilo.com\/index.php\/wp-json\/wp\/v2\/users\/1"}],"replies":[{"embeddable":true,"href":"https:\/\/daracokorilo.com\/index.php\/wp-json\/wp\/v2\/comments?post=3421"}],"version-history":[{"count":3,"href":"https:\/\/daracokorilo.com\/index.php\/wp-json\/wp\/v2\/posts\/3421\/revisions"}],"predecessor-version":[{"id":3426,"href":"https:\/\/daracokorilo.com\/index.php\/wp-json\/wp\/v2\/posts\/3421\/revisions\/3426"}],"wp:featuredmedia":[{"embeddable":true,"href":"https:\/\/daracokorilo.com\/index.php\/wp-json\/wp\/v2\/media\/3425"}],"wp:attachment":[{"href":"https:\/\/daracokorilo.com\/index.php\/wp-json\/wp\/v2\/media?parent=3421"}],"wp:term":[{"taxonomy":"category","embeddable":true,"href":"https:\/\/daracokorilo.com\/index.php\/wp-json\/wp\/v2\/categories?post=3421"},{"taxonomy":"post_tag","embeddable":true,"href":"https:\/\/daracokorilo.com\/index.php\/wp-json\/wp\/v2\/tags?post=3421"}],"curies":[{"name":"wp","href":"https:\/\/api.w.org\/{rel}","templated":true}]}}