{"id":3609,"date":"2026-04-29T15:03:20","date_gmt":"2026-04-29T13:03:20","guid":{"rendered":"https:\/\/daracokorilo.com\/?p=3609"},"modified":"2026-04-29T15:03:20","modified_gmt":"2026-04-29T13:03:20","slug":"ucenici-muzicke-skole-dara-cokorilo-na-trebinje-klasik-festivalu-pobrali-nagrade","status":"publish","type":"post","link":"https:\/\/daracokorilo.com\/index.php\/2026\/04\/29\/ucenici-muzicke-skole-dara-cokorilo-na-trebinje-klasik-festivalu-pobrali-nagrade\/","title":{"rendered":"U\u010denici Muzi\u010dke \u0161kole ,,Dara \u010cokorilo&#8220; na Trebinje klasik festivalu ,,pobrali&#8220; nagrade"},"content":{"rendered":"<div class=\"wp-block-image\">\n<figure class=\"aligncenter size-full\"><img loading=\"lazy\" decoding=\"async\" width=\"459\" height=\"307\" src=\"https:\/\/daracokorilo.com\/wp-content\/uploads\/2026\/04\/naslovna.webp\" alt=\"\" class=\"wp-image-3613\" srcset=\"https:\/\/daracokorilo.com\/wp-content\/uploads\/2026\/04\/naslovna.webp 459w, https:\/\/daracokorilo.com\/wp-content\/uploads\/2026\/04\/naslovna-300x201.webp 300w\" sizes=\"auto, (max-width: 459px) 100vw, 459px\" \/><\/figure>\n<\/div>\n\n\n<p>Festival klasi\u010dne muzike \u201cTrebinje Classic\u201d, koji je prije nekoliko dana odr\u017ean u Trebinju, ove godine okupio je u\u010desnike iz \u010dak 11 zemalja Evrope.<\/p>\n\n\n\n<p>I na tom presti\u017enom me\u0111unarodnom muzi\u010dkom takmi\u010denju u\u010denici Muzi\u010dke \u0161kole \u201eDara \u010cokorilo\u201c iz Nik\u0161i\u0107a postigli su izuzetan uspjeh.<\/p>\n\n\n\n<p>Me\u0111u vi\u0161e od 350 u\u010desnika u\u010denici nik\u0161i\u0107ke Muzi\u010dke \u0161kole pokazali su sjajan talenat i, izme\u0111u ostalih nagrada, osvojili su \u010dak 11 prvih mjesta u razli\u010ditim disciplinama.<\/p>\n\n\n\n<p>Pro\u010ditajte ko su najbolji i ko su njihovi mentori:<\/p>\n\n\n\n<figure class=\"wp-block-gallery has-nested-images columns-default is-cropped wp-block-gallery-1 is-layout-flex wp-block-gallery-is-layout-flex\">\n<figure class=\"wp-block-image size-large\"><img loading=\"lazy\" decoding=\"async\" width=\"526\" height=\"696\" data-id=\"3612\" src=\"https:\/\/daracokorilo.com\/wp-content\/uploads\/2026\/04\/lista-1-1.png\" alt=\"\" class=\"wp-image-3612\" srcset=\"https:\/\/daracokorilo.com\/wp-content\/uploads\/2026\/04\/lista-1-1.png 526w, https:\/\/daracokorilo.com\/wp-content\/uploads\/2026\/04\/lista-1-1-227x300.png 227w\" sizes=\"auto, (max-width: 526px) 100vw, 526px\" \/><\/figure>\n\n\n\n<figure class=\"wp-block-image size-large\"><img loading=\"lazy\" decoding=\"async\" width=\"501\" height=\"590\" data-id=\"3611\" src=\"https:\/\/daracokorilo.com\/wp-content\/uploads\/2026\/04\/lista-2.png\" alt=\"\" class=\"wp-image-3611\" srcset=\"https:\/\/daracokorilo.com\/wp-content\/uploads\/2026\/04\/lista-2.png 501w, https:\/\/daracokorilo.com\/wp-content\/uploads\/2026\/04\/lista-2-255x300.png 255w\" sizes=\"auto, (max-width: 501px) 100vw, 501px\" \/><\/figure>\n<\/figure>\n\n\n\n<p>Takmi\u010denje se odvijalo u devet disciplina.<\/p>\n\n\n\n<p>Festival je trajao tri dana, a realizovan je u saradnji Udru\u017eenja \u201eOrgelpunkt\u201c sa Muzi\u010dkom \u0161kolom Trebinje, Kulturnim centrom i Muzejom Hercegovine.<\/p>\n\n\n\n<p>Projekat su podr\u017eali Grad Trebinje, Ambasada Kraljevine Holandije u BiH, Kabinet predsjednika Vlade Republike Srpske i \u201eEvropska ku\u0107a\u201c u BiH.<\/p>\n\n\n\n<p>Izvor: RTV Nik\u0161i\u0107<\/p>\n","protected":false},"excerpt":{"rendered":"<p>Festival klasi\u010dne muzike \u201cTrebinje Classic\u201d, koji je prije nekoliko dana odr\u017ean u Trebinju, ove godine okupio je u\u010desnike iz \u010dak 11 zemalja Evrope. I na tom presti\u017enom me\u0111unarodnom muzi\u010dkom takmi\u010denju u\u010denici Muzi\u010dke \u0161kole \u201eDara \u010cokorilo\u201c iz Nik\u0161i\u0107a postigli su izuzetan uspjeh. Me\u0111u vi\u0161e od 350 u\u010desnika u\u010denici nik\u0161i\u0107ke Muzi\u010dke \u0161kole pokazali su sjajan talenat i, [&hellip;]<\/p>\n","protected":false},"author":1,"featured_media":0,"comment_status":"open","ping_status":"open","sticky":false,"template":"","format":"standard","meta":{"pagelayer_contact_templates":[],"_pagelayer_content":"","footnotes":""},"categories":[1],"tags":[],"class_list":["post-3609","post","type-post","status-publish","format-standard","hentry","category-naslovna-2"],"_links":{"self":[{"href":"https:\/\/daracokorilo.com\/index.php\/wp-json\/wp\/v2\/posts\/3609","targetHints":{"allow":["GET"]}}],"collection":[{"href":"https:\/\/daracokorilo.com\/index.php\/wp-json\/wp\/v2\/posts"}],"about":[{"href":"https:\/\/daracokorilo.com\/index.php\/wp-json\/wp\/v2\/types\/post"}],"author":[{"embeddable":true,"href":"https:\/\/daracokorilo.com\/index.php\/wp-json\/wp\/v2\/users\/1"}],"replies":[{"embeddable":true,"href":"https:\/\/daracokorilo.com\/index.php\/wp-json\/wp\/v2\/comments?post=3609"}],"version-history":[{"count":1,"href":"https:\/\/daracokorilo.com\/index.php\/wp-json\/wp\/v2\/posts\/3609\/revisions"}],"predecessor-version":[{"id":3614,"href":"https:\/\/daracokorilo.com\/index.php\/wp-json\/wp\/v2\/posts\/3609\/revisions\/3614"}],"wp:attachment":[{"href":"https:\/\/daracokorilo.com\/index.php\/wp-json\/wp\/v2\/media?parent=3609"}],"wp:term":[{"taxonomy":"category","embeddable":true,"href":"https:\/\/daracokorilo.com\/index.php\/wp-json\/wp\/v2\/categories?post=3609"},{"taxonomy":"post_tag","embeddable":true,"href":"https:\/\/daracokorilo.com\/index.php\/wp-json\/wp\/v2\/tags?post=3609"}],"curies":[{"name":"wp","href":"https:\/\/api.w.org\/{rel}","templated":true}]}}