{"id":99,"date":"2018-11-15T21:19:56","date_gmt":"2018-11-15T20:19:56","guid":{"rendered":"https:\/\/daracokorilo.com\/index.php\/2018\/11\/15\/svecana-akademija-70-godina\/"},"modified":"2021-12-24T09:58:52","modified_gmt":"2021-12-24T08:58:52","slug":"svecana-akademija-70-godina","status":"publish","type":"post","link":"https:\/\/daracokorilo.com\/index.php\/2018\/11\/15\/svecana-akademija-70-godina\/","title":{"rendered":"SVE\u010cANA AKADEMIJA &#8211; 70 GODINA"},"content":{"rendered":"<p style=\"text-align: justify;\"><strong><img loading=\"lazy\" decoding=\"async\" style=\"margin-right: 5px; float: left;\" src=\"images\/DP__4249.jpg\" alt=\"DP 4249\" width=\"226\" height=\"151\">Sve\u010dana akademija povodom sedamdeset godina postojanja i rada Muzi\u010dke \u0161kole ,,Dara \u010cokorilo\u201c odr\u017eana je u Koncertnoj sali \u0161kole 15. novembra 2018. godine. Sve\u010danosti su prisustvovali brojni gosti, me\u0111u kojima zvani\u010dni predstavnici Op\u0161tine, zatim stru\u010dni saradnici, u\u010denici i po\u0161tovaoci misije koju \u0161kola ima.<\/strong><\/p>\n<p style=\"text-align: justify;\">Prisutnima se obratila direktorica \u0161kole Vjera Vukovi\u0107 koja se poslije rije\u010di dobrodo\u0161lice osvrnula na kratak istorijat \u0161kole i zasluge koje ovu instituciju \u010dine prepoznatljivom u svijetu muzike i obrazovanja. Ona je naglasila da je jubilej prilika da se podsjetimo po\u010detka i svih ljudi koji su doprinijeli razvoju \u0161kole i dali svoj pe\u010dat njenom postojanju.<\/p>\n<p><!--more--><\/p>\n<p style=\"text-align: justify;\">&nbsp;<\/p>\n<p style=\"text-align: justify;\">Publici se zatim obratila potpredsjednica Op\u0161tine Nik\u0161i\u0107 Sonja Nik\u010devi\u0107, poslije \u010dega su prisutni u\u017eivali u bogatom umjetni\u010dkom programu.<\/p>\n<p style=\"text-align: justify;\">Koncert u\u010denika i profesora \u0161kole odr\u017ean je u okviru novembarskog repertoara Nik\u0161i\u0107ke kulturne scene 2018.<\/p>\n<p style=\"text-align: justify;\">\n","protected":false},"excerpt":{"rendered":"<p>Sve\u010dana akademija povodom sedamdeset godina postojanja i rada Muzi\u010dke \u0161kole ,,Dara \u010cokorilo\u201c odr\u017eana je u Koncertnoj sali \u0161kole 15. novembra 2018. godine. Sve\u010danosti su prisustvovali brojni gosti, me\u0111u kojima zvani\u010dni predstavnici Op\u0161tine, zatim stru\u010dni saradnici, u\u010denici i po\u0161tovaoci misije koju \u0161kola ima. Prisutnima se obratila direktorica \u0161kole Vjera Vukovi\u0107 koja se poslije rije\u010di dobrodo\u0161lice osvrnula [&hellip;]<\/p>\n","protected":false},"author":1,"featured_media":0,"comment_status":"open","ping_status":"open","sticky":false,"template":"","format":"standard","meta":{"pagelayer_contact_templates":[],"_pagelayer_content":"","footnotes":""},"categories":[26,29],"tags":[],"class_list":["post-99","post","type-post","status-publish","format-standard","hentry","category-aktivnosti","category-ostala-desavanja"],"_links":{"self":[{"href":"https:\/\/daracokorilo.com\/index.php\/wp-json\/wp\/v2\/posts\/99","targetHints":{"allow":["GET"]}}],"collection":[{"href":"https:\/\/daracokorilo.com\/index.php\/wp-json\/wp\/v2\/posts"}],"about":[{"href":"https:\/\/daracokorilo.com\/index.php\/wp-json\/wp\/v2\/types\/post"}],"author":[{"embeddable":true,"href":"https:\/\/daracokorilo.com\/index.php\/wp-json\/wp\/v2\/users\/1"}],"replies":[{"embeddable":true,"href":"https:\/\/daracokorilo.com\/index.php\/wp-json\/wp\/v2\/comments?post=99"}],"version-history":[{"count":1,"href":"https:\/\/daracokorilo.com\/index.php\/wp-json\/wp\/v2\/posts\/99\/revisions"}],"predecessor-version":[{"id":459,"href":"https:\/\/daracokorilo.com\/index.php\/wp-json\/wp\/v2\/posts\/99\/revisions\/459"}],"wp:attachment":[{"href":"https:\/\/daracokorilo.com\/index.php\/wp-json\/wp\/v2\/media?parent=99"}],"wp:term":[{"taxonomy":"category","embeddable":true,"href":"https:\/\/daracokorilo.com\/index.php\/wp-json\/wp\/v2\/categories?post=99"},{"taxonomy":"post_tag","embeddable":true,"href":"https:\/\/daracokorilo.com\/index.php\/wp-json\/wp\/v2\/tags?post=99"}],"curies":[{"name":"wp","href":"https:\/\/api.w.org\/{rel}","templated":true}]}}